{"id":6770,"date":"2021-03-26T11:52:08","date_gmt":"2021-03-26T11:52:08","guid":{"rendered":"http:\/\/www.ocularis.ong.mialias.net\/11-anos-de-cooperacion-transformadora-en-salud-visual\/"},"modified":"2022-10-14T10:08:31","modified_gmt":"2022-10-14T10:08:31","slug":"11-anys-de-cooperacio-transformadora-en-salut-visual","status":"publish","type":"post","link":"https:\/\/ocularis.ong\/ca\/11-anys-de-cooperacio-transformadora-en-salut-visual\/","title":{"rendered":"11 Anys de Cooperaci\u00f3 transformadora en salut visual"},"content":{"rendered":"\t\t<div data-elementor-type=\"wp-post\" data-elementor-id=\"6770\" class=\"elementor elementor-6770 elementor-1927\" data-elementor-post-type=\"post\">\n\t\t\t\t\t\t<section class=\"elementor-section elementor-top-section elementor-element elementor-element-7fcf02a elementor-section-boxed elementor-section-height-default elementor-section-height-default\" data-id=\"7fcf02a\" data-element_type=\"section\" data-e-type=\"section\">\n\t\t\t\t\t\t<div class=\"elementor-container elementor-column-gap-default\">\n\t\t\t\t\t<div class=\"elementor-column elementor-col-100 elementor-top-column elementor-element elementor-element-9e44465\" data-id=\"9e44465\" data-element_type=\"column\" data-e-type=\"column\">\n\t\t\t<div class=\"elementor-widget-wrap elementor-element-populated\">\n\t\t\t\t\t\t<div class=\"elementor-element elementor-element-e6ab782 elementor-widget elementor-widget-text-editor\" data-id=\"e6ab782\" data-element_type=\"widget\" data-e-type=\"widget\" data-widget_type=\"text-editor.default\">\n\t\t\t\t<div class=\"elementor-widget-container\">\n\t\t\t\t\t\t\t\t\t<p>Per Armand Valera (Director)<\/p><p>Avui precisament, al nostre aniversari, ens han notificat que despr\u00e9s d&#8217;un grand\u00edssim esfor\u00e7, obren internacionalment les inscripcions a la Universitat UPC al primer <a href=\"https:\/\/www.talent.upc.edu\/esp\/estudis\/formacio\/curs\/203800\/master-optometria-pediatrica\/\" target=\"_blank\" rel=\"noopener\">M\u00e0ster en Optometria Pedi\u00e0trica d&#8217;Europa<\/a> ideat i impulsat per la nostra organitzaci\u00f3 mitjan\u00e7ant els nostres professionals de l\u00b4Hospital Pedi\u00e0tric Sant Joan de D\u00e9u de Barcelona, aix\u00ed que estem immensament feli\u00e7os de celebrar aquest aniversari amb aquesta not\u00edcia.<\/p><p>S\u00ed!, ja van 11 anys \ud83d\ude0a qui ens diria a aquest petit grup de persones amb el Dr. Joan Prat al capdavant que, amb m\u00e9s ganes que coneixements en cooperaci\u00f3 internacional en aquell moment, aconseguir\u00edem fites tan grans com les d&#8217;avui. El cam\u00ed ha estat dur, ens constitu\u00efm en plena crisi i hi hem tornat, amb \u00e8xits i fracassos dels quals hem apr\u00e8s molt\u00edssim, capacitant-nos, perseverant, lluitant i reconeixent els nostres errors per millorar, sempre per millorar. Amb l&#8217;objectiu final d&#8217;ajudar qui menys possibilitats t\u00e9 que tinguin cura de la seva salut visual, ja sigui per manca de professionals locals o de coneixements d&#8217;aquests. Lluitant pels seus Drets Humans, salvant vides mitjan\u00e7ant la capacitaci\u00f3 dels seus professionals en el diagn\u00f2stic i el tractament de tumors oculars, millorant la seva vista perqu\u00e8 puguin estudiar, treballar o viure dignament, amb igualtat de g\u00e8nere en les matriculacions als nostres cursos. En definitiva, <strong>11 anys de cooperaci\u00f3 transformadora, contribuint a millorar la vida i el futur de molt\u00edssimes persones an\u00f2nimes ia equilibrar una mica aquest injust m\u00f3n a la regi\u00f3 m\u00e9s pobra i castigada del planeta, l&#8217;\u00c0frica subsahariana.<\/strong><\/p><p>Avui vull mostrar el meu sincer agra\u00efment als m\u00e9s de 30 professionals de la salut visual que hi han participat o participen, a les 200 s\u00f2cies i socis, a voluntaris i volunt\u00e0ries, a empreses i institucions p\u00fabliques donants i, sobretot, al min\u00fascul equip de gesti\u00f3 que es deixen dia a dia les pestanyes a les seves pantalles per seguir construint aquesta petita-gran organitzaci\u00f3 de la qual no em puc sentir m\u00e9s orgull\u00f3s de coordinar.<\/p><h5>\u201cSi vols anar r\u00e0pid camina sol, si vols arribar lluny v\u00e9s acompanyat.\u201d \u2013 proverbi afric\u00e0<\/h5><p><strong>I tu, vols caminar amb nosaltres?<\/strong> clica <a href=\"https:\/\/ocularis.ong\/colaborar-ocularis-ong-2\/\">aqu\u00ed<\/a><\/p><p>Si vols m\u00e9s informaci\u00f3, visita la nostra web <a href=\"http:\/\/www.ocularis.ong\">www.ocularis.ong<\/a><\/p>\t\t\t\t\t\t\t\t<\/div>\n\t\t\t\t<\/div>\n\t\t\t\t<div class=\"elementor-element elementor-element-d33e67d elementor-widget elementor-widget-video\" data-id=\"d33e67d\" data-element_type=\"widget\" data-e-type=\"widget\" data-settings=\"{&quot;youtube_url&quot;:&quot;https:\\\/\\\/youtu.be\\\/4v0C7EGWsas&quot;,&quot;video_type&quot;:&quot;youtube&quot;,&quot;controls&quot;:&quot;yes&quot;}\" data-widget_type=\"video.default\">\n\t\t\t\t<div class=\"elementor-widget-container\">\n\t\t\t\t\t\t\t<div class=\"elementor-wrapper elementor-open-inline\">\n\t\t\t<div class=\"elementor-video\"><\/div>\t\t<\/div>\n\t\t\t\t\t\t<\/div>\n\t\t\t\t<\/div>\n\t\t\t\t\t<\/div>\n\t\t<\/div>\n\t\t\t\t\t<\/div>\n\t\t<\/section>\n\t\t\t\t<\/div>\n\t\t","protected":false},"excerpt":{"rendered":"<p>Per Armand Valera (Director) Avui precisament, en el nostre aniversari, ens han notificat que despr\u00e9s d&#8217;un grand\u00edssim&#8230;<\/p>\n","protected":false},"author":6,"featured_media":4550,"comment_status":"open","ping_status":"open","sticky":false,"template":"","format":"standard","meta":{"_mo_disable_npp":"","site-sidebar-layout":"default","site-content-layout":"","ast-site-content-layout":"","site-content-style":"default","site-sidebar-style":"default","ast-global-header-display":"","ast-banner-title-visibility":"","ast-main-header-display":"","ast-hfb-above-header-display":"","ast-hfb-below-header-display":"","ast-hfb-mobile-header-display":"","site-post-title":"","ast-breadcrumbs-content":"","ast-featured-img":"","footer-sml-layout":"","theme-transparent-header-meta":"","adv-header-id-meta":"","stick-header-meta":"","header-above-stick-meta":"","header-main-stick-meta":"","header-below-stick-meta":"","astra-migrate-meta-layouts":"","footnotes":""},"categories":[39],"tags":[],"class_list":["post-6770","post","type-post","status-publish","format-standard","has-post-thumbnail","hentry","category-noticies"],"yoast_head":"<!-- This site is optimized with the Yoast SEO plugin v26.3 - https:\/\/yoast.com\/wordpress\/plugins\/seo\/ -->\n<title>11 Anys de Cooperaci\u00f3 transformadora en salut visual - Ocularis<\/title>\n<meta name=\"robots\" content=\"index, follow, max-snippet:-1, max-image-preview:large, max-video-preview:-1\" \/>\n<link rel=\"canonical\" href=\"https:\/\/ocularis.ong\/ca\/11-anys-de-cooperacio-transformadora-en-salut-visual\/\" \/>\n<meta property=\"og:locale\" content=\"ca_ES\" \/>\n<meta property=\"og:type\" content=\"article\" \/>\n<meta property=\"og:title\" content=\"11 Anys de Cooperaci\u00f3 transformadora en salut visual - Ocularis\" \/>\n<meta property=\"og:description\" content=\"Per Armand Valera (Director) Avui precisament, en el nostre aniversari, ens han notificat que despr\u00e9s d&#039;un grand\u00edssim...\" \/>\n<meta property=\"og:url\" content=\"https:\/\/ocularis.ong\/ca\/11-anys-de-cooperacio-transformadora-en-salut-visual\/\" \/>\n<meta property=\"og:site_name\" content=\"Ocularis\" \/>\n<meta property=\"article:published_time\" content=\"2021-03-26T11:52:08+00:00\" \/>\n<meta property=\"article:modified_time\" content=\"2022-10-14T10:08:31+00:00\" \/>\n<meta property=\"og:image\" content=\"https:\/\/ocularis.ong\/wp-content\/uploads\/2021\/03\/ocularis_noticia-08.jpg\" \/>\n\t<meta property=\"og:image:width\" content=\"1920\" \/>\n\t<meta property=\"og:image:height\" content=\"1080\" \/>\n\t<meta property=\"og:image:type\" content=\"image\/jpeg\" \/>\n<meta name=\"author\" content=\"Armand valera\" \/>\n<meta name=\"twitter:card\" content=\"summary_large_image\" \/>\n<meta name=\"twitter:label1\" content=\"Escrit per\" \/>\n\t<meta name=\"twitter:data1\" content=\"Armand valera\" \/>\n\t<meta name=\"twitter:label2\" content=\"Temps estimat de lectura\" \/>\n\t<meta name=\"twitter:data2\" content=\"2 minuts\" \/>\n<script type=\"application\/ld+json\" class=\"yoast-schema-graph\">{\"@context\":\"https:\/\/schema.org\",\"@graph\":[{\"@type\":\"Article\",\"@id\":\"https:\/\/ocularis.ong\/ca\/11-anys-de-cooperacio-transformadora-en-salut-visual\/#article\",\"isPartOf\":{\"@id\":\"https:\/\/ocularis.ong\/ca\/11-anys-de-cooperacio-transformadora-en-salut-visual\/\"},\"author\":{\"name\":\"Armand valera\",\"@id\":\"https:\/\/ocularis.ong\/ca\/#\/schema\/person\/3b58ab972bb95ff7768e32178b2f48cc\"},\"headline\":\"11 Anys de Cooperaci\u00f3 transformadora en salut visual\",\"datePublished\":\"2021-03-26T11:52:08+00:00\",\"dateModified\":\"2022-10-14T10:08:31+00:00\",\"mainEntityOfPage\":{\"@id\":\"https:\/\/ocularis.ong\/ca\/11-anys-de-cooperacio-transformadora-en-salut-visual\/\"},\"wordCount\":397,\"commentCount\":0,\"publisher\":{\"@id\":\"https:\/\/ocularis.ong\/ca\/#organization\"},\"image\":{\"@id\":\"https:\/\/ocularis.ong\/ca\/11-anys-de-cooperacio-transformadora-en-salut-visual\/#primaryimage\"},\"thumbnailUrl\":\"https:\/\/ocularis.ong\/wp-content\/uploads\/2021\/03\/ocularis_noticia-08.jpg\",\"articleSection\":[\"Noticies\"],\"inLanguage\":\"ca\",\"potentialAction\":[{\"@type\":\"CommentAction\",\"name\":\"Comment\",\"target\":[\"https:\/\/ocularis.ong\/ca\/11-anys-de-cooperacio-transformadora-en-salut-visual\/#respond\"]}]},{\"@type\":\"WebPage\",\"@id\":\"https:\/\/ocularis.ong\/ca\/11-anys-de-cooperacio-transformadora-en-salut-visual\/\",\"url\":\"https:\/\/ocularis.ong\/ca\/11-anys-de-cooperacio-transformadora-en-salut-visual\/\",\"name\":\"11 Anys de Cooperaci\u00f3 transformadora en salut visual - Ocularis\",\"isPartOf\":{\"@id\":\"https:\/\/ocularis.ong\/ca\/#website\"},\"primaryImageOfPage\":{\"@id\":\"https:\/\/ocularis.ong\/ca\/11-anys-de-cooperacio-transformadora-en-salut-visual\/#primaryimage\"},\"image\":{\"@id\":\"https:\/\/ocularis.ong\/ca\/11-anys-de-cooperacio-transformadora-en-salut-visual\/#primaryimage\"},\"thumbnailUrl\":\"https:\/\/ocularis.ong\/wp-content\/uploads\/2021\/03\/ocularis_noticia-08.jpg\",\"datePublished\":\"2021-03-26T11:52:08+00:00\",\"dateModified\":\"2022-10-14T10:08:31+00:00\",\"breadcrumb\":{\"@id\":\"https:\/\/ocularis.ong\/ca\/11-anys-de-cooperacio-transformadora-en-salut-visual\/#breadcrumb\"},\"inLanguage\":\"ca\",\"potentialAction\":[{\"@type\":\"ReadAction\",\"target\":[\"https:\/\/ocularis.ong\/ca\/11-anys-de-cooperacio-transformadora-en-salut-visual\/\"]}]},{\"@type\":\"ImageObject\",\"inLanguage\":\"ca\",\"@id\":\"https:\/\/ocularis.ong\/ca\/11-anys-de-cooperacio-transformadora-en-salut-visual\/#primaryimage\",\"url\":\"https:\/\/ocularis.ong\/wp-content\/uploads\/2021\/03\/ocularis_noticia-08.jpg\",\"contentUrl\":\"https:\/\/ocularis.ong\/wp-content\/uploads\/2021\/03\/ocularis_noticia-08.jpg\",\"width\":1920,\"height\":1080},{\"@type\":\"BreadcrumbList\",\"@id\":\"https:\/\/ocularis.ong\/ca\/11-anys-de-cooperacio-transformadora-en-salut-visual\/#breadcrumb\",\"itemListElement\":[{\"@type\":\"ListItem\",\"position\":1,\"name\":\"Portada\",\"item\":\"https:\/\/ocularis.ong\/ca\/\"},{\"@type\":\"ListItem\",\"position\":2,\"name\":\"11 Anys de Cooperaci\u00f3 transformadora en salut visual\"}]},{\"@type\":\"WebSite\",\"@id\":\"https:\/\/ocularis.ong\/ca\/#website\",\"url\":\"https:\/\/ocularis.ong\/ca\/\",\"name\":\"Ocularis\",\"description\":\"Teaching to see\",\"publisher\":{\"@id\":\"https:\/\/ocularis.ong\/ca\/#organization\"},\"potentialAction\":[{\"@type\":\"SearchAction\",\"target\":{\"@type\":\"EntryPoint\",\"urlTemplate\":\"https:\/\/ocularis.ong\/ca\/?s={search_term_string}\"},\"query-input\":{\"@type\":\"PropertyValueSpecification\",\"valueRequired\":true,\"valueName\":\"search_term_string\"}}],\"inLanguage\":\"ca\"},{\"@type\":\"Organization\",\"@id\":\"https:\/\/ocularis.ong\/ca\/#organization\",\"name\":\"Ocularis\",\"url\":\"https:\/\/ocularis.ong\/ca\/\",\"logo\":{\"@type\":\"ImageObject\",\"inLanguage\":\"ca\",\"@id\":\"https:\/\/ocularis.ong\/ca\/#\/schema\/logo\/image\/\",\"url\":\"https:\/\/ocularis.ong\/wp-content\/uploads\/2022\/09\/logo_r_139x200.jpg\",\"contentUrl\":\"https:\/\/ocularis.ong\/wp-content\/uploads\/2022\/09\/logo_r_139x200.jpg\",\"width\":139,\"height\":200,\"caption\":\"Ocularis\"},\"image\":{\"@id\":\"https:\/\/ocularis.ong\/ca\/#\/schema\/logo\/image\/\"}},{\"@type\":\"Person\",\"@id\":\"https:\/\/ocularis.ong\/ca\/#\/schema\/person\/3b58ab972bb95ff7768e32178b2f48cc\",\"name\":\"Armand valera\",\"image\":{\"@type\":\"ImageObject\",\"inLanguage\":\"ca\",\"@id\":\"https:\/\/ocularis.ong\/ca\/#\/schema\/person\/image\/\",\"url\":\"https:\/\/secure.gravatar.com\/avatar\/96ef9ef73eb8896204a70f38ea27c9c3?s=96&d=mm&r=g\",\"contentUrl\":\"https:\/\/secure.gravatar.com\/avatar\/96ef9ef73eb8896204a70f38ea27c9c3?s=96&d=mm&r=g\",\"caption\":\"Armand valera\"},\"url\":\"https:\/\/ocularis.ong\/ca\/author\/armand\/\"}]}<\/script>\n<!-- \/ Yoast SEO plugin. -->","yoast_head_json":{"title":"11 Anys de Cooperaci\u00f3 transformadora en salut visual - Ocularis","robots":{"index":"index","follow":"follow","max-snippet":"max-snippet:-1","max-image-preview":"max-image-preview:large","max-video-preview":"max-video-preview:-1"},"canonical":"https:\/\/ocularis.ong\/ca\/11-anys-de-cooperacio-transformadora-en-salut-visual\/","og_locale":"ca_ES","og_type":"article","og_title":"11 Anys de Cooperaci\u00f3 transformadora en salut visual - Ocularis","og_description":"Per Armand Valera (Director) Avui precisament, en el nostre aniversari, ens han notificat que despr\u00e9s d'un grand\u00edssim...","og_url":"https:\/\/ocularis.ong\/ca\/11-anys-de-cooperacio-transformadora-en-salut-visual\/","og_site_name":"Ocularis","article_published_time":"2021-03-26T11:52:08+00:00","article_modified_time":"2022-10-14T10:08:31+00:00","og_image":[{"width":1920,"height":1080,"url":"https:\/\/ocularis.ong\/wp-content\/uploads\/2021\/03\/ocularis_noticia-08.jpg","type":"image\/jpeg"}],"author":"Armand valera","twitter_card":"summary_large_image","twitter_misc":{"Escrit per":"Armand valera","Temps estimat de lectura":"2 minuts"},"schema":{"@context":"https:\/\/schema.org","@graph":[{"@type":"Article","@id":"https:\/\/ocularis.ong\/ca\/11-anys-de-cooperacio-transformadora-en-salut-visual\/#article","isPartOf":{"@id":"https:\/\/ocularis.ong\/ca\/11-anys-de-cooperacio-transformadora-en-salut-visual\/"},"author":{"name":"Armand valera","@id":"https:\/\/ocularis.ong\/ca\/#\/schema\/person\/3b58ab972bb95ff7768e32178b2f48cc"},"headline":"11 Anys de Cooperaci\u00f3 transformadora en salut visual","datePublished":"2021-03-26T11:52:08+00:00","dateModified":"2022-10-14T10:08:31+00:00","mainEntityOfPage":{"@id":"https:\/\/ocularis.ong\/ca\/11-anys-de-cooperacio-transformadora-en-salut-visual\/"},"wordCount":397,"commentCount":0,"publisher":{"@id":"https:\/\/ocularis.ong\/ca\/#organization"},"image":{"@id":"https:\/\/ocularis.ong\/ca\/11-anys-de-cooperacio-transformadora-en-salut-visual\/#primaryimage"},"thumbnailUrl":"https:\/\/ocularis.ong\/wp-content\/uploads\/2021\/03\/ocularis_noticia-08.jpg","articleSection":["Noticies"],"inLanguage":"ca","potentialAction":[{"@type":"CommentAction","name":"Comment","target":["https:\/\/ocularis.ong\/ca\/11-anys-de-cooperacio-transformadora-en-salut-visual\/#respond"]}]},{"@type":"WebPage","@id":"https:\/\/ocularis.ong\/ca\/11-anys-de-cooperacio-transformadora-en-salut-visual\/","url":"https:\/\/ocularis.ong\/ca\/11-anys-de-cooperacio-transformadora-en-salut-visual\/","name":"11 Anys de Cooperaci\u00f3 transformadora en salut visual - Ocularis","isPartOf":{"@id":"https:\/\/ocularis.ong\/ca\/#website"},"primaryImageOfPage":{"@id":"https:\/\/ocularis.ong\/ca\/11-anys-de-cooperacio-transformadora-en-salut-visual\/#primaryimage"},"image":{"@id":"https:\/\/ocularis.ong\/ca\/11-anys-de-cooperacio-transformadora-en-salut-visual\/#primaryimage"},"thumbnailUrl":"https:\/\/ocularis.ong\/wp-content\/uploads\/2021\/03\/ocularis_noticia-08.jpg","datePublished":"2021-03-26T11:52:08+00:00","dateModified":"2022-10-14T10:08:31+00:00","breadcrumb":{"@id":"https:\/\/ocularis.ong\/ca\/11-anys-de-cooperacio-transformadora-en-salut-visual\/#breadcrumb"},"inLanguage":"ca","potentialAction":[{"@type":"ReadAction","target":["https:\/\/ocularis.ong\/ca\/11-anys-de-cooperacio-transformadora-en-salut-visual\/"]}]},{"@type":"ImageObject","inLanguage":"ca","@id":"https:\/\/ocularis.ong\/ca\/11-anys-de-cooperacio-transformadora-en-salut-visual\/#primaryimage","url":"https:\/\/ocularis.ong\/wp-content\/uploads\/2021\/03\/ocularis_noticia-08.jpg","contentUrl":"https:\/\/ocularis.ong\/wp-content\/uploads\/2021\/03\/ocularis_noticia-08.jpg","width":1920,"height":1080},{"@type":"BreadcrumbList","@id":"https:\/\/ocularis.ong\/ca\/11-anys-de-cooperacio-transformadora-en-salut-visual\/#breadcrumb","itemListElement":[{"@type":"ListItem","position":1,"name":"Portada","item":"https:\/\/ocularis.ong\/ca\/"},{"@type":"ListItem","position":2,"name":"11 Anys de Cooperaci\u00f3 transformadora en salut visual"}]},{"@type":"WebSite","@id":"https:\/\/ocularis.ong\/ca\/#website","url":"https:\/\/ocularis.ong\/ca\/","name":"Ocularis","description":"Teaching to see","publisher":{"@id":"https:\/\/ocularis.ong\/ca\/#organization"},"potentialAction":[{"@type":"SearchAction","target":{"@type":"EntryPoint","urlTemplate":"https:\/\/ocularis.ong\/ca\/?s={search_term_string}"},"query-input":{"@type":"PropertyValueSpecification","valueRequired":true,"valueName":"search_term_string"}}],"inLanguage":"ca"},{"@type":"Organization","@id":"https:\/\/ocularis.ong\/ca\/#organization","name":"Ocularis","url":"https:\/\/ocularis.ong\/ca\/","logo":{"@type":"ImageObject","inLanguage":"ca","@id":"https:\/\/ocularis.ong\/ca\/#\/schema\/logo\/image\/","url":"https:\/\/ocularis.ong\/wp-content\/uploads\/2022\/09\/logo_r_139x200.jpg","contentUrl":"https:\/\/ocularis.ong\/wp-content\/uploads\/2022\/09\/logo_r_139x200.jpg","width":139,"height":200,"caption":"Ocularis"},"image":{"@id":"https:\/\/ocularis.ong\/ca\/#\/schema\/logo\/image\/"}},{"@type":"Person","@id":"https:\/\/ocularis.ong\/ca\/#\/schema\/person\/3b58ab972bb95ff7768e32178b2f48cc","name":"Armand valera","image":{"@type":"ImageObject","inLanguage":"ca","@id":"https:\/\/ocularis.ong\/ca\/#\/schema\/person\/image\/","url":"https:\/\/secure.gravatar.com\/avatar\/96ef9ef73eb8896204a70f38ea27c9c3?s=96&d=mm&r=g","contentUrl":"https:\/\/secure.gravatar.com\/avatar\/96ef9ef73eb8896204a70f38ea27c9c3?s=96&d=mm&r=g","caption":"Armand valera"},"url":"https:\/\/ocularis.ong\/ca\/author\/armand\/"}]}},"_links":{"self":[{"href":"https:\/\/ocularis.ong\/ca\/wp-json\/wp\/v2\/posts\/6770","targetHints":{"allow":["GET"]}}],"collection":[{"href":"https:\/\/ocularis.ong\/ca\/wp-json\/wp\/v2\/posts"}],"about":[{"href":"https:\/\/ocularis.ong\/ca\/wp-json\/wp\/v2\/types\/post"}],"author":[{"embeddable":true,"href":"https:\/\/ocularis.ong\/ca\/wp-json\/wp\/v2\/users\/6"}],"replies":[{"embeddable":true,"href":"https:\/\/ocularis.ong\/ca\/wp-json\/wp\/v2\/comments?post=6770"}],"version-history":[{"count":4,"href":"https:\/\/ocularis.ong\/ca\/wp-json\/wp\/v2\/posts\/6770\/revisions"}],"predecessor-version":[{"id":6789,"href":"https:\/\/ocularis.ong\/ca\/wp-json\/wp\/v2\/posts\/6770\/revisions\/6789"}],"wp:featuredmedia":[{"embeddable":true,"href":"https:\/\/ocularis.ong\/ca\/wp-json\/wp\/v2\/media\/4550"}],"wp:attachment":[{"href":"https:\/\/ocularis.ong\/ca\/wp-json\/wp\/v2\/media?parent=6770"}],"wp:term":[{"taxonomy":"category","embeddable":true,"href":"https:\/\/ocularis.ong\/ca\/wp-json\/wp\/v2\/categories?post=6770"},{"taxonomy":"post_tag","embeddable":true,"href":"https:\/\/ocularis.ong\/ca\/wp-json\/wp\/v2\/tags?post=6770"}],"curies":[{"name":"wp","href":"https:\/\/api.w.org\/{rel}","templated":true}]}}